{"id":2148,"date":"2014-03-30T23:28:29","date_gmt":"2014-03-30T21:28:29","guid":{"rendered":"http:\/\/www.pilepoilplanete.com\/POILOBLOG\/?p=2148"},"modified":"2014-03-31T09:18:09","modified_gmt":"2014-03-31T07:18:09","slug":"avril-rime-avec-durable","status":"publish","type":"post","link":"http:\/\/www.pilepoilplanete.com\/POILOBLOG\/2014\/03\/30\/avril-rime-avec-durable\/","title":{"rendered":"Avril rime avec durable !"},"content":{"rendered":"<p>Voici le printemps ! Les beaux jours !<\/p>\n<p><a href=\"http:\/\/www.pilepoilplanete.com\/POILOBLOG\/wp-content\/uploads\/2014\/03\/ImageProxy1.png\"><img decoding=\"async\" loading=\"lazy\" class=\"alignleft size-full wp-image-2164\" title=\"ImageProxy\" src=\"http:\/\/www.pilepoilplanete.com\/POILOBLOG\/wp-content\/uploads\/2014\/03\/ImageProxy1.png\" alt=\"\" width=\"535\" height=\"156\" srcset=\"http:\/\/www.pilepoilplanete.com\/POILOBLOG\/wp-content\/uploads\/2014\/03\/ImageProxy1.png 600w, http:\/\/www.pilepoilplanete.com\/POILOBLOG\/wp-content\/uploads\/2014\/03\/ImageProxy1-300x87.png 300w\" sizes=\"(max-width: 535px) 100vw, 535px\" \/><\/a><\/p>\n<p><span style=\"color: #ffffff;\">..<\/span><br \/>\net surtout comme chaque ann\u00e9e, le minist\u00e8re de l\u2019\u00c9cologie, du D\u00e9veloppement durable et de l\u2019\u00c9nergie vous donne rendez-vous dans toute la France et pour vous aider \u00e0 nouveau \u00e0 passer du jetable au durable.<br \/>\n<span style=\"color: #ffffff;\">.<\/span><\/p>\n<p>Pile Poil vous propose d&rsquo;assister \u00e0 ses spectacles 100% durables !<\/p>\n<p>Retrouvez nous :<\/p>\n<p><span style=\"color: #ffffff;\">..<\/span><\/p>\n<p><strong>Mardi 1er avril<\/strong><\/p>\n<p>\u00ab\u00a0<strong>Au grand bazar<\/strong>\u00a0\u00bb \u00e0 10h et 14h30 \u00e0 Nogent-sur-Seine<\/p>\n<p><a href=\"http:\/\/www.pilepoilplanete.com\/POILOBLOG\/wp-content\/uploads\/2014\/03\/sdd2014p.jpg\"><img decoding=\"async\" loading=\"lazy\" class=\"alignleft size-full wp-image-2149\" title=\"sdd2014p\" src=\"http:\/\/www.pilepoilplanete.com\/POILOBLOG\/wp-content\/uploads\/2014\/03\/sdd2014p.jpg\" alt=\"\" width=\"210\" height=\"110\" \/><\/a><\/p>\n<p>organis\u00e9 par la C. de Communes du Nogentais au th\u00e9\u00e2tre municipal \u00ab Th\u00e9\u00e2tre municipal \u00bb 1, avenue Pasteur s\u00e9ance scolaire (pour y assister contacter Janique au 06 45 71 84 38).<\/p>\n<p>T\u00e9l\u00e9charger le PDF du programme <a href=\"http:\/\/www.pilepoilplanete.com\/POILOBLOG\/wp-content\/uploads\/2014\/03\/SDD2014-NOGENT-SUR-SEINE.pdfhttp:\/\/\" target=\"_blank\">ici<\/a>.<\/p>\n<p><span style=\"color: #ffffff;\">..<\/span><\/p>\n<p><strong>Samedi 5 avril<\/strong><\/p>\n<p><strong><a href=\"http:\/\/www.pilepoilplanete.com\/POILOBLOG\/wp-content\/uploads\/2014\/03\/FIM-2014-Affiche-20x30-V5_bd.jpg\"><img decoding=\"async\" loading=\"lazy\" class=\"alignleft size-medium wp-image-2151\" title=\"FIM-2014-Affiche-20x30-V5_bd\" src=\"http:\/\/www.pilepoilplanete.com\/POILOBLOG\/wp-content\/uploads\/2014\/03\/FIM-2014-Affiche-20x30-V5_bd-203x300.jpg\" alt=\"\" width=\"203\" height=\"300\" srcset=\"http:\/\/www.pilepoilplanete.com\/POILOBLOG\/wp-content\/uploads\/2014\/03\/FIM-2014-Affiche-20x30-V5_bd-203x300.jpg 203w, http:\/\/www.pilepoilplanete.com\/POILOBLOG\/wp-content\/uploads\/2014\/03\/FIM-2014-Affiche-20x30-V5_bd.jpg 300w\" sizes=\"(max-width: 203px) 100vw, 203px\" \/><\/a><br \/>\n<\/strong><\/p>\n<p>\u00ab\u00a0<strong>Les Rippetout au pays de l&rsquo;or bleu<\/strong>\u00a0\u00bb au Forum international M\u00e9t\u00e9o et Climat sur le parvis de l&rsquo;H\u00f4tel de Ville \u00e0 Paris.<\/p>\n<p>T\u00e9l\u00e9charger le PDF du communiqu\u00e9 de presse <a href=\"http:\/\/www.pilepoilplanete.com\/POILOBLOG\/wp-content\/uploads\/2014\/03\/COMMUNIQUE-DE-PRESSE-PILE-POIL-AU-FORUM-DE-LA-METEO.pdf\" target=\"_blank\">l\u00e0<\/a>.<\/p>\n<p><span style=\"color: #ffffff;\">..<\/span><\/p>\n<p><span style=\"color: #ffffff;\">..<\/span><\/p>\n<p><span style=\"color: #ffffff;\">..<\/span><\/p>\n<p><span style=\"color: #ffffff;\">..<\/span><\/p>\n<p><span style=\"color: #ffffff;\">..<br \/>\n<\/span><\/p>\n<p><span style=\"color: #ffffff;\">..<\/span><\/p>\n<p><strong>Dimanche 6 avril<\/strong><\/p>\n<p><a href=\"http:\/\/www.pilepoilplanete.com\/POILOBLOG\/wp-content\/uploads\/2014\/03\/affiche-semaine-dd-bourg-la-reine.jpg\"><img decoding=\"async\" loading=\"lazy\" class=\"alignleft size-medium wp-image-2152\" title=\"affiche semaine dd bourg la reine\" src=\"http:\/\/www.pilepoilplanete.com\/POILOBLOG\/wp-content\/uploads\/2014\/03\/affiche-semaine-dd-bourg-la-reine-211x300.jpg\" alt=\"\" width=\"211\" height=\"300\" srcset=\"http:\/\/www.pilepoilplanete.com\/POILOBLOG\/wp-content\/uploads\/2014\/03\/affiche-semaine-dd-bourg-la-reine-211x300.jpg 211w, http:\/\/www.pilepoilplanete.com\/POILOBLOG\/wp-content\/uploads\/2014\/03\/affiche-semaine-dd-bourg-la-reine-423x600.jpg 423w, http:\/\/www.pilepoilplanete.com\/POILOBLOG\/wp-content\/uploads\/2014\/03\/affiche-semaine-dd-bourg-la-reine.jpg 1446w\" sizes=\"(max-width: 211px) 100vw, 211px\" \/><\/a>\u00ab\u00a0<strong>Du rififi dans le potager<\/strong>\u00a0\u00bb \u00e0 Bourg-la-Reine (92)<br \/>\ns\u00e9ances en plein air \u00e0 11h et 15h30 Place Condorcet<strong>.<\/strong><\/p>\n<p>T\u00e9l\u00e9charger le PDF du programme <a href=\"http:\/\/www.pilepoilplanete.com\/POILOBLOG\/wp-content\/uploads\/2014\/03\/Programme_SDD_BLR_2014.pdf\" target=\"_blank\">ici<\/a>.<\/p>\n<p><span style=\"color: #ffffff;\"> <\/span><\/p>\n<p><span style=\"color: #ffffff;\"> <\/span><\/p>\n<p><span style=\"color: #ffffff;\">\u00ab\u00a0Du rififi dans le potager\u00a0\u00bb \u00e0 Bourg-la-Reine (92)<br \/>\ns\u00e9ances en plein air \u00e0 11h et 15h30 Place Condorcet<\/span><\/p>\n<p><span style=\"color: #ffffff;\"> <\/span><\/p>\n<p><span style=\"color: #ffffff;\">T\u00e9l\u00e9charger le PDF du programme ici.<\/span><\/p>\n<p><span style=\"color: #ffffff;\">..<\/span><\/p>\n<p><span style=\"color: #ffffff;\"><br \/>\n..<\/span><\/p>\n<p><span style=\"color: #ffffff;\"> <\/span><\/p>\n<p><strong>Mardi 8 avril<\/strong><br \/>\n<a href=\"http:\/\/www.pilepoilplanete.com\/POILOBLOG\/wp-content\/uploads\/2014\/03\/IMG_5833-Copie-2.jpg\"><img decoding=\"async\" loading=\"lazy\" class=\"alignleft size-medium wp-image-2168\" title=\"IMG_5833 - Copie (2)\" src=\"http:\/\/www.pilepoilplanete.com\/POILOBLOG\/wp-content\/uploads\/2014\/03\/IMG_5833-Copie-2-300x263.jpg\" alt=\"\" width=\"267\" height=\"234\" srcset=\"http:\/\/www.pilepoilplanete.com\/POILOBLOG\/wp-content\/uploads\/2014\/03\/IMG_5833-Copie-2-300x263.jpg 300w, http:\/\/www.pilepoilplanete.com\/POILOBLOG\/wp-content\/uploads\/2014\/03\/IMG_5833-Copie-2-683x600.jpg 683w, http:\/\/www.pilepoilplanete.com\/POILOBLOG\/wp-content\/uploads\/2014\/03\/IMG_5833-Copie-2.jpg 1306w\" sizes=\"(max-width: 267px) 100vw, 267px\" \/><\/a> \u00ab\u00a0<strong>Les Rippetout au pays de l&rsquo;or bleu<\/strong>\u00a0\u00bb \u00e0 14h30\u00a0 \u00e0 la Sc\u00e8ne Watteau &#8211; Place du th\u00e9\u00e2tre \u00e0 Nogent-sur-Marne s\u00e9ance scolaire<br \/>\n(pour y assister contactez Janique au\u00a0 06 45 71 84 38)<a href=\"http:\/\/www.pilepoilplanete.com\/POILOBLOG\/wp-content\/uploads\/2014\/03\/logo-sc\u00e8ne-watteau.jpg\"><img decoding=\"async\" loading=\"lazy\" class=\"alignleft size-full wp-image-2169\" title=\"logo sc\u00e8ne watteau\" src=\"http:\/\/www.pilepoilplanete.com\/POILOBLOG\/wp-content\/uploads\/2014\/03\/logo-sc\u00e8ne-watteau.jpg\" alt=\"\" width=\"184\" height=\"93\" \/><\/a><\/p>\n","protected":false},"excerpt":{"rendered":"<p>Voici le printemps ! Les beaux jours ! .. et surtout comme chaque ann\u00e9e, le minist\u00e8re de l\u2019\u00c9cologie, du D\u00e9veloppement durable et de l\u2019\u00c9nergie vous donne rendez-vous dans toute la France et pour vous aider \u00e0 nouveau \u00e0 passer du jetable au durable. . Pile Poil vous propose d&rsquo;assister \u00e0 ses spectacles 100% durables ! [&hellip;]<\/p>\n","protected":false},"author":3,"featured_media":0,"comment_status":"closed","ping_status":"open","sticky":false,"template":"","format":"standard","meta":[],"categories":[5,7],"tags":[],"_links":{"self":[{"href":"http:\/\/www.pilepoilplanete.com\/POILOBLOG\/wp-json\/wp\/v2\/posts\/2148"}],"collection":[{"href":"http:\/\/www.pilepoilplanete.com\/POILOBLOG\/wp-json\/wp\/v2\/posts"}],"about":[{"href":"http:\/\/www.pilepoilplanete.com\/POILOBLOG\/wp-json\/wp\/v2\/types\/post"}],"author":[{"embeddable":true,"href":"http:\/\/www.pilepoilplanete.com\/POILOBLOG\/wp-json\/wp\/v2\/users\/3"}],"replies":[{"embeddable":true,"href":"http:\/\/www.pilepoilplanete.com\/POILOBLOG\/wp-json\/wp\/v2\/comments?post=2148"}],"version-history":[{"count":21,"href":"http:\/\/www.pilepoilplanete.com\/POILOBLOG\/wp-json\/wp\/v2\/posts\/2148\/revisions"}],"predecessor-version":[{"id":2180,"href":"http:\/\/www.pilepoilplanete.com\/POILOBLOG\/wp-json\/wp\/v2\/posts\/2148\/revisions\/2180"}],"wp:attachment":[{"href":"http:\/\/www.pilepoilplanete.com\/POILOBLOG\/wp-json\/wp\/v2\/media?parent=2148"}],"wp:term":[{"taxonomy":"category","embeddable":true,"href":"http:\/\/www.pilepoilplanete.com\/POILOBLOG\/wp-json\/wp\/v2\/categories?post=2148"},{"taxonomy":"post_tag","embeddable":true,"href":"http:\/\/www.pilepoilplanete.com\/POILOBLOG\/wp-json\/wp\/v2\/tags?post=2148"}],"curies":[{"name":"wp","href":"https:\/\/api.w.org\/{rel}","templated":true}]}}