{"id":4775,"date":"2019-06-13T23:13:37","date_gmt":"2019-06-13T21:13:37","guid":{"rendered":"http:\/\/www.pilepoilplanete.com\/POILOBLOG\/?p=4775"},"modified":"2019-06-13T23:13:37","modified_gmt":"2019-06-13T21:13:37","slug":"du-rififi-aux-assises-nationales-de-la-biodiversite","status":"publish","type":"post","link":"http:\/\/www.pilepoilplanete.com\/POILOBLOG\/2019\/06\/13\/du-rififi-aux-assises-nationales-de-la-biodiversite\/","title":{"rendered":"Du rififi aux assises nationales de la biodiversit\u00e9 !"},"content":{"rendered":"<p>Pile Poil anime les assises nationales de la biodiversit\u00e9 et propose \u00e0 Gif-sur-Yvette (91)<br \/>\nle spectacle \u00ab\u00a0du rififi dans le potager !!! retrouvez-nous<span style=\"color: #579d1c;\"><span style=\"font-size: large;\"><b> samedi 15 juin \u00e0 16h <\/b><\/span><\/span><br \/>\ndans une fantaisie \u00ab bio \u00bb et \u00ab comico-v\u00e9g\u00e9tale \u00bb pleine d\u2019humour et de chansons\u2026<br \/>\nApprenez \u00e0 faire votre jardin en respectant la faune et la flore dans cette com\u00e9die<br \/>\ntoute verte, pleine d\u2019humour et de fra\u00eecheur.<\/p>\n<p>Avec Pile Poil le vivant monte sur les planches dans le Parc du ch\u00e2teau de Belleville !<\/p>\n<p><img decoding=\"async\" loading=\"lazy\" class=\"size-medium wp-image-4776 aligncenter\" src=\"http:\/\/www.pilepoilplanete.com\/POILOBLOG\/wp-content\/uploads\/2019\/06\/Assises-nationales-biodiversite-2019-300x171.jpg\" alt=\"Assises-nationales-biodiversite-2019\" width=\"300\" height=\"171\" srcset=\"http:\/\/www.pilepoilplanete.com\/POILOBLOG\/wp-content\/uploads\/2019\/06\/Assises-nationales-biodiversite-2019-300x171.jpg 300w, http:\/\/www.pilepoilplanete.com\/POILOBLOG\/wp-content\/uploads\/2019\/06\/Assises-nationales-biodiversite-2019.jpg 700w\" sizes=\"(max-width: 300px) 100vw, 300px\" \/><\/p>\n<p><img decoding=\"async\" loading=\"lazy\" class=\"size-medium wp-image-4777 aligncenter\" src=\"http:\/\/www.pilepoilplanete.com\/POILOBLOG\/wp-content\/uploads\/2019\/06\/affiche-Rififi-HD-1-201x300.jpg\" alt=\"affiche Rififi HD\" width=\"201\" height=\"300\" srcset=\"http:\/\/www.pilepoilplanete.com\/POILOBLOG\/wp-content\/uploads\/2019\/06\/affiche-Rififi-HD-1-201x300.jpg 201w, http:\/\/www.pilepoilplanete.com\/POILOBLOG\/wp-content\/uploads\/2019\/06\/affiche-Rififi-HD-1-768x1144.jpg 768w, http:\/\/www.pilepoilplanete.com\/POILOBLOG\/wp-content\/uploads\/2019\/06\/affiche-Rififi-HD-1-403x600.jpg 403w, http:\/\/www.pilepoilplanete.com\/POILOBLOG\/wp-content\/uploads\/2019\/06\/affiche-Rififi-HD-1.jpg 1063w\" sizes=\"(max-width: 201px) 100vw, 201px\" \/><\/p>\n<p><span style=\"color: #000000;\"><span style=\"font-size: medium;\">+ d&rsquo;infos : <\/span><\/span><br \/>\n<span style=\"color: #000080;\"><span lang=\"zxx\"><u><a href=\"https:\/\/www.ville-gif.fr\/8-7932\/fiche\/spectacle-du-rififi-dans-le-potager.htm\"><span style=\"font-size: medium;\">https:\/\/www.ville-gif.fr\/8-7932\/fiche\/spectacle-du-rififi-dans-le-potager.htm<\/span><\/a><\/u><\/span><\/span><br \/>\n<span style=\"color: #000080;\"><span lang=\"zxx\"><u><a href=\"https:\/\/www.ville-gif.fr\/7-7930\/fiche\/assises-nationales-de-la-biodiversite-le-programme-de-gif.htm\"><span style=\"font-size: medium;\">https:\/\/www.ville-gif.fr\/7-7930\/fiche\/assises-nationales-de-la-biodiversite-le-programme-de-gif.htm<\/span><\/a><\/u><\/span><\/span><\/p>\n","protected":false},"excerpt":{"rendered":"<p>Pile Poil anime les assises nationales de la biodiversit\u00e9 et propose \u00e0 Gif-sur-Yvette (91) le spectacle \u00ab\u00a0du rififi dans le potager !!! retrouvez-nous samedi 15 juin \u00e0 16h dans une fantaisie \u00ab bio \u00bb et \u00ab comico-v\u00e9g\u00e9tale \u00bb pleine d\u2019humour et de chansons\u2026 Apprenez \u00e0 faire votre jardin en respectant la faune et la flore [&hellip;]<\/p>\n","protected":false},"author":2,"featured_media":0,"comment_status":"closed","ping_status":"open","sticky":false,"template":"","format":"standard","meta":[],"categories":[1],"tags":[],"_links":{"self":[{"href":"http:\/\/www.pilepoilplanete.com\/POILOBLOG\/wp-json\/wp\/v2\/posts\/4775"}],"collection":[{"href":"http:\/\/www.pilepoilplanete.com\/POILOBLOG\/wp-json\/wp\/v2\/posts"}],"about":[{"href":"http:\/\/www.pilepoilplanete.com\/POILOBLOG\/wp-json\/wp\/v2\/types\/post"}],"author":[{"embeddable":true,"href":"http:\/\/www.pilepoilplanete.com\/POILOBLOG\/wp-json\/wp\/v2\/users\/2"}],"replies":[{"embeddable":true,"href":"http:\/\/www.pilepoilplanete.com\/POILOBLOG\/wp-json\/wp\/v2\/comments?post=4775"}],"version-history":[{"count":2,"href":"http:\/\/www.pilepoilplanete.com\/POILOBLOG\/wp-json\/wp\/v2\/posts\/4775\/revisions"}],"predecessor-version":[{"id":4779,"href":"http:\/\/www.pilepoilplanete.com\/POILOBLOG\/wp-json\/wp\/v2\/posts\/4775\/revisions\/4779"}],"wp:attachment":[{"href":"http:\/\/www.pilepoilplanete.com\/POILOBLOG\/wp-json\/wp\/v2\/media?parent=4775"}],"wp:term":[{"taxonomy":"category","embeddable":true,"href":"http:\/\/www.pilepoilplanete.com\/POILOBLOG\/wp-json\/wp\/v2\/categories?post=4775"},{"taxonomy":"post_tag","embeddable":true,"href":"http:\/\/www.pilepoilplanete.com\/POILOBLOG\/wp-json\/wp\/v2\/tags?post=4775"}],"curies":[{"name":"wp","href":"https:\/\/api.w.org\/{rel}","templated":true}]}}