{"id":5184,"date":"2022-06-23T13:16:12","date_gmt":"2022-06-23T11:16:12","guid":{"rendered":"http:\/\/www.pilepoilplanete.com\/POILOBLOG\/?p=5184"},"modified":"2022-06-23T13:16:30","modified_gmt":"2022-06-23T11:16:30","slug":"pile-poil-releve-le-defi-des-dechets-en-mayenne","status":"publish","type":"post","link":"http:\/\/www.pilepoilplanete.com\/POILOBLOG\/2022\/06\/23\/pile-poil-releve-le-defi-des-dechets-en-mayenne\/","title":{"rendered":"Pile Poil rel\u00e8ve le d\u00e9fi des d\u00e9chets en Mayenne\u00a0!"},"content":{"rendered":"<p><span style=\"font-family: Times New Roman, serif;\">Les news\u00a0! Notre compagnie a \u00e9t\u00e9 s\u00e9lectionn\u00e9e par l&rsquo;agglom\u00e9ration de Laval <\/span><br \/>\n<span style=\"font-family: Times New Roman, serif;\">pour cl\u00f4turer le d\u00e9fi D\u00e9fi Z\u00e9ro d\u00e9chet avec le spectacle \u00ab\u00a0au grand bazar\u00a0\u00bb <\/span><br \/>\n<span style=\"font-family: Times New Roman, serif;\">\u00e7a se passe samedi 25 juin et la repr\u00e9sentation a lieu \u00e0 17h00 !<\/span><br \/>\n<span style=\"font-family: Times New Roman, serif;\">Nous pouvons tous r\u00e9duire nos d\u00e9chets\u00a0! Passons \u00e0 l&rsquo;action\u00a0!<\/span><\/p>\n<p><a href=\"http:\/\/www.pilepoilplanete.com\/POILOBLOG\/wp-content\/uploads\/2022\/06\/montage-laval.jpg\"><img decoding=\"async\" loading=\"lazy\" class=\"alignleft wp-image-5185\" src=\"http:\/\/www.pilepoilplanete.com\/POILOBLOG\/wp-content\/uploads\/2022\/06\/montage-laval-300x151.jpg\" alt=\"montage laval\" width=\"360\" height=\"181\" srcset=\"http:\/\/www.pilepoilplanete.com\/POILOBLOG\/wp-content\/uploads\/2022\/06\/montage-laval-300x151.jpg 300w, http:\/\/www.pilepoilplanete.com\/POILOBLOG\/wp-content\/uploads\/2022\/06\/montage-laval-768x386.jpg 768w, http:\/\/www.pilepoilplanete.com\/POILOBLOG\/wp-content\/uploads\/2022\/06\/montage-laval-800x402.jpg 800w, http:\/\/www.pilepoilplanete.com\/POILOBLOG\/wp-content\/uploads\/2022\/06\/montage-laval.jpg 942w\" sizes=\"(max-width: 360px) 100vw, 360px\" \/><\/a><\/p>\n","protected":false},"excerpt":{"rendered":"<p>Les news\u00a0! Notre compagnie a \u00e9t\u00e9 s\u00e9lectionn\u00e9e par l&rsquo;agglom\u00e9ration de Laval pour cl\u00f4turer le d\u00e9fi D\u00e9fi Z\u00e9ro d\u00e9chet avec le spectacle \u00ab\u00a0au grand bazar\u00a0\u00bb \u00e7a se passe samedi 25 juin et la repr\u00e9sentation a lieu \u00e0 17h00 ! Nous pouvons tous r\u00e9duire nos d\u00e9chets\u00a0! Passons \u00e0 l&rsquo;action\u00a0!<\/p>\n","protected":false},"author":2,"featured_media":0,"comment_status":"closed","ping_status":"open","sticky":false,"template":"","format":"standard","meta":[],"categories":[1],"tags":[],"_links":{"self":[{"href":"http:\/\/www.pilepoilplanete.com\/POILOBLOG\/wp-json\/wp\/v2\/posts\/5184"}],"collection":[{"href":"http:\/\/www.pilepoilplanete.com\/POILOBLOG\/wp-json\/wp\/v2\/posts"}],"about":[{"href":"http:\/\/www.pilepoilplanete.com\/POILOBLOG\/wp-json\/wp\/v2\/types\/post"}],"author":[{"embeddable":true,"href":"http:\/\/www.pilepoilplanete.com\/POILOBLOG\/wp-json\/wp\/v2\/users\/2"}],"replies":[{"embeddable":true,"href":"http:\/\/www.pilepoilplanete.com\/POILOBLOG\/wp-json\/wp\/v2\/comments?post=5184"}],"version-history":[{"count":2,"href":"http:\/\/www.pilepoilplanete.com\/POILOBLOG\/wp-json\/wp\/v2\/posts\/5184\/revisions"}],"predecessor-version":[{"id":5187,"href":"http:\/\/www.pilepoilplanete.com\/POILOBLOG\/wp-json\/wp\/v2\/posts\/5184\/revisions\/5187"}],"wp:attachment":[{"href":"http:\/\/www.pilepoilplanete.com\/POILOBLOG\/wp-json\/wp\/v2\/media?parent=5184"}],"wp:term":[{"taxonomy":"category","embeddable":true,"href":"http:\/\/www.pilepoilplanete.com\/POILOBLOG\/wp-json\/wp\/v2\/categories?post=5184"},{"taxonomy":"post_tag","embeddable":true,"href":"http:\/\/www.pilepoilplanete.com\/POILOBLOG\/wp-json\/wp\/v2\/tags?post=5184"}],"curies":[{"name":"wp","href":"https:\/\/api.w.org\/{rel}","templated":true}]}}